{"id":2948,"date":"2023-12-26T15:06:32","date_gmt":"2023-12-26T14:06:32","guid":{"rendered":"https:\/\/www.obiprint.com\/blog\/?p=2948"},"modified":"2023-12-26T10:06:54","modified_gmt":"2023-12-26T09:06:54","slug":"les-mentions-legales-obligatoires-sur-un-flyer","status":"publish","type":"post","link":"https:\/\/www.obiprint.com\/blog\/conseils\/les-mentions-legales-obligatoires-sur-un-flyer\/","title":{"rendered":"Quelles sont les mentions l\u00e9gales obligatoires sur mon flyer ?"},"content":{"rendered":"\n<p>Consid\u00e9r\u00e9 comme l\u2019un des supports publicitaires les plus efficaces, le flyer est n\u00e9anmoins contraint \u00e0 un certain nombre d\u2019obligations comme les mentions l\u00e9gales. D\u00e9couvrons ensemble quelles sont ces mentions devant absolument figurer sur le flyer.<\/p>\n\n\n\n<!--more-->\n\n\n\n<h2 class=\"wp-block-heading\">1\u00b0 Faire appara\u00eetre les coordonn\u00e9es de l\u2019imprimeur<\/h2>\n\n\n\n<p>L\u2019une des mentions indispensables \u00e0 int\u00e9grer dans son <a href=\"https:\/\/www.obiprint.com\/impression-flyer-r139.html\">flyer <\/a>est sans aucun doute celle concernant les coordonn\u00e9es de l\u2019imprimeur.\u00a0 En effet, quel que soit le pays o\u00f9 vous vous trouvez, le contenu r\u00e9dig\u00e9 et la nature de votre communication, il est imp\u00e9ratif que le nom + l\u2019adresse de l\u2019imprimeur soient mentionn\u00e9s sur le flyer. C\u2019est tout simplement le minimum requis pour cette mention l\u00e9gale.<\/p>\n\n\n\n<p>\u00c0 l\u2019inverse, si c\u2019est directement\nvous qui avez d\u00e9cid\u00e9 d\u2019imprimer vos flyers ou d\u00e9pliants, n\u2019h\u00e9sitez pas \u00e0\nindiquer la mention suivante&nbsp;\u00ab&nbsp;imprim\u00e9e par nos soins&nbsp;\u00bb. En cas\nde non-respect de cette mention l\u00e9gale, une amende de 3&nbsp;750\u20ac est pr\u00e9vue \u00e0\ncet effet.<\/p>\n\n\n\n<h2 class=\"wp-block-heading\">2\u00b0 Mettre ses propres coordonn\u00e9es<\/h2>\n\n\n\n<p>Faire appara\u00eetre les coordonn\u00e9es\nde l\u2019imprimeur c\u2019est bien, mettre ses propres coordonn\u00e9es c\u2019est encore mieux.\nOn n\u2019y pense pas toujours mais renseigner ses informations font partie des\nmentions l\u00e9gales obligatoires. Selon qui est \u00e0 l\u2019origine de la personnalisation\ndu flyer, personne morale (entreprise) ou personne physique (inscrite au\nregistre du commerce), vous devez imp\u00e9rativement mentionner plusieurs\ninformations sur votre imprim\u00e9&nbsp;:<\/p>\n\n\n\n<ul class=\"wp-block-list\"><li>La d\u00e9nomination sociale et l\u2019adresse du si\u00e8ge de\nvotre entreprise.<\/li><li>Le num\u00e9ro de RCS (registre du commerce et de\nsoci\u00e9t\u00e9s) et la ville d\u2019enregistrement de la soci\u00e9t\u00e9.<\/li><li>La forme et\/ou statut juridique de la soci\u00e9t\u00e9\n(SA, SARL, EURL) ainsi que le num\u00e9ro de SIREN.<\/li><li>Le capital social de la soci\u00e9t\u00e9 (commerciales\nnotamment).<\/li><\/ul>\n\n\n\n<p>Ces mentions l\u00e9gales ne vous\nprendront pas \u00e9norm\u00e9ment de place sur votre flyer. N\u2019oubliez donc pas de leur\nconsacrer un petit espace. Un oubli de ces informations pourrait entra\u00eener une\namende de 750\u20ac, ce qui est fort dommageable. Puis bien plac\u00e9es, ces\ninformations n\u2019endommageront pas l\u2019esth\u00e9tique et le design de votre imprim\u00e9.<\/p>\n\n\n\n<figure class=\"wp-block-image\"><img loading=\"lazy\" decoding=\"async\" width=\"800\" height=\"533\" src=\"https:\/\/www.obiprint.com\/blog\/wp-content\/uploads\/2023\/12\/Flyer_mentions_legales.jpg\" alt=\"Mentions l\u00e9gales avec le renseignement des coordonn\u00e9es de son entreprise \" class=\"wp-image-2951\" srcset=\"https:\/\/www.obiprint.com\/blog\/wp-content\/uploads\/2023\/12\/Flyer_mentions_legales.jpg 800w, https:\/\/www.obiprint.com\/blog\/wp-content\/uploads\/2023\/12\/Flyer_mentions_legales-300x200.jpg 300w, https:\/\/www.obiprint.com\/blog\/wp-content\/uploads\/2023\/12\/Flyer_mentions_legales-768x512.jpg 768w, https:\/\/www.obiprint.com\/blog\/wp-content\/uploads\/2023\/12\/Flyer_mentions_legales-330x220.jpg 330w\" sizes=\"auto, (max-width: 800px) 100vw, 800px\" \/><\/figure>\n\n\n\n<h2 class=\"wp-block-heading\">3\u00b0 L\u2019usage de la langue fran\u00e7aise <\/h2>\n\n\n\n<p>Mention s\u00fbrement peu connue mais\npour le coup plus qu\u2019obligatoire, l\u2019usage de la langue fran\u00e7aise sur votre\nflyer. En effet, un d\u00e9pliant distribu\u00e9 sur le sol fran\u00e7ais doit obligatoirement\n\u00eatre \u00e9crit en fran\u00e7ais. Cela ne signifie pas qu\u2019aucun mot ou phrase d\u2019une autre\nlangue ne pourra y figurer. La seule et unique condition est que ces bouts de\ntexte puissent \u00eatre syst\u00e9matiquement traduits. <\/p>\n\n\n\n<p>Si vous ne respectez cette\nmention l\u00e9gale, une sanction de 750\u20ac sera pr\u00e9vue.<\/p>\n\n\n\n<h2 class=\"wp-block-heading\">4\u00b0 Les mentions l\u00e9gales li\u00e9es \u00e0 l\u2019environnement<\/h2>\n\n\n\n<p>Sujet qui ne cesse de prendre de\nl\u2019importance depuis quelques ann\u00e9es, l\u2019environnement est devenu un enjeu\nmajeur. Dans la vie de tous les jours comme sur les supports imprim\u00e9s, il est\nobligatoire de mentionner plusieurs informations. <\/p>\n\n\n\n<p>La premi\u00e8re et s\u00fbrement la plus\nconnue, c\u2019est le fait d\u2019ins\u00e9rer la mention \u00ab&nbsp;ne pas jeter sur la voie\npublique&nbsp;\u00bb. En effet, pour toute entreprise souhaitant imprimer des\nsupports print (d\u00e9pliants, flyers, tracts), ces derniers doivent comporter une\nphrase relative \u00e0 la collecte ou \u00e0 la valorisation des d\u00e9chets. En cas de\nnon-respect de cette r\u00e8gle, une amende de 750\u20ac vous sera inflig\u00e9e.<\/p>\n\n\n\n<p>Deuxi\u00e8me mention \u00e0 ajouter\nobligatoirement sur votre imprim\u00e9&nbsp;: le logo Triman&nbsp;! Instaur\u00e9 \u00e0\npartir du 1<sup>er<\/sup> janvier 2015, ce logo doit figurer si vous imprimez\nsur du papier recycl\u00e9. En cas non-apposition de ce logo, vous vous exposez\nainsi \u00e0 une amende de 1500\u20ac pour une entreprise et de 3000\u20ac pour une personne\nphysique.<\/p>\n\n\n\n<p>Ps\u00a0: les mentions l\u00e9gales relatives \u00e0 l\u2019impression sur <a href=\"https:\/\/www.obiprint.com\/impression-flyer-papier-creation-r1603.html\">papier recycl\u00e9<\/a> ne sont pas une obligation. Cependant, c\u2019est toujours bien de le dire et nous vous encourageons \u00e0 le mentionner \ud83d\ude09<\/p>\n\n\n\n<figure class=\"wp-block-image\"><img loading=\"lazy\" decoding=\"async\" width=\"800\" height=\"533\" src=\"https:\/\/www.obiprint.com\/blog\/wp-content\/uploads\/2023\/12\/Flyer_logo_triman.jpg\" alt=\"mentions l\u00e9gales li\u00e9es \u00e0 l'environnement : logo triman\" class=\"wp-image-2950\" srcset=\"https:\/\/www.obiprint.com\/blog\/wp-content\/uploads\/2023\/12\/Flyer_logo_triman.jpg 800w, https:\/\/www.obiprint.com\/blog\/wp-content\/uploads\/2023\/12\/Flyer_logo_triman-300x200.jpg 300w, https:\/\/www.obiprint.com\/blog\/wp-content\/uploads\/2023\/12\/Flyer_logo_triman-768x512.jpg 768w, https:\/\/www.obiprint.com\/blog\/wp-content\/uploads\/2023\/12\/Flyer_logo_triman-330x220.jpg 330w\" sizes=\"auto, (max-width: 800px) 100vw, 800px\" \/><\/figure>\n\n\n\n<h2 class=\"wp-block-heading\">5\u00b0 Le choix des images et des couleurs <\/h2>\n\n\n\n<p>Pour ce quatri\u00e8me point, nous\navons d\u00e9cid\u00e9 de regrouper deux mentions l\u00e9gales. La premi\u00e8re concerne\nl\u2019utilisation des couleurs. Alors oui, vous nous direz que la conception d\u2019un\nflyer a pour objectif d\u2019\u00eatre graphique, mais certaines r\u00e8gles doivent \u00eatre\nrespect\u00e9es. Tout d\u2019abord, votre flyer ne peut pas contenir un texte tout noir\nsur un fond tout blanc. Ce format est exclusivement r\u00e9serv\u00e9 \u00e0 l\u2019administration\npublique. Cependant, vous pouvez tr\u00e8s bien utiliser une \u00e9criture noire sur un\nfond color\u00e9. Dans la m\u00eame lign\u00e9e, il est strictement interdit d\u2019utiliser le\ndrapeau fran\u00e7ais. Ce symbole est destin\u00e9 aux communications officielles, comme\nles tracts \u00e9lectoraux par exemple.<\/p>\n\n\n\n<p>La deuxi\u00e8me mention concerne le\nchoix des images. Nous vous conseillons de prendre les photos vous-m\u00eame, avec\nvotre appareil photo. SI cela n\u2019est pas r\u00e9alisable, pensez soit \u00e0 prendre des\nphotos libres de droits, soit \u00e0 payer les droits d\u2019auteur afin de pouvoir les\nutiliser comme vous le souhaitez. Il peut \u00eatre \u00e9galement possible de rajouter\nla mention \u00ab&nbsp;cr\u00e9dit&nbsp;photo&nbsp;\u00bb si vous ne payez pas les droits\nd\u2019auteur.<\/p>\n\n\n\n<h2 class=\"wp-block-heading\">6\u00b0 Les mentions l\u00e9gales propres \u00e0 la nourriture et l\u2019alcool <\/h2>\n\n\n\n<p>Pour conclure cet article sur les\ndiff\u00e9rentes mentions l\u00e9gales \u00e0 faire appara\u00eetre sur son flyer, nous souhaitons\nterminer par des cas bien pr\u00e9cis. Et quelles autres th\u00e9matiques que les\nproduits alimentaires et l\u2019alcool pour illustrer ces mentions l\u00e9gales&nbsp;?<\/p>\n\n\n\n<p>En ce qui concerne les produits\nalimentaires, la loi correspondant \u00e0 la politique de sant\u00e9 publique vous incite\n\u00e0 faire figurer l\u2019une de ces mentions suivantes&nbsp;: <\/p>\n\n\n\n<ul class=\"wp-block-list\"><li>\u00ab&nbsp;Pour votre sant\u00e9, mangez 5 fruits et\nl\u00e9gumes par jour.&nbsp;\u00bb\u2009<\/li><li>\u00ab&nbsp;Pour votre sant\u00e9, pratiquez une activit\u00e9\nphysique r\u00e9guli\u00e8re.&nbsp;\u00bb\u2009<\/li><li>\u00ab&nbsp;Pour votre sant\u00e9, \u00e9vitez de manger trop\ngras, trop sucr\u00e9, trop sal\u00e9.\u2009\u00bb<\/li><li>\u00ab&nbsp;Pour votre sant\u00e9, \u00e9vitez de grignoter\nentre les repas.&nbsp;\u00bb\u2009<\/li><\/ul>\n\n\n\n<p>Si votre flyer contient des\ninformations relatives \u00e0 des boissons (alcoolis\u00e9es entre autres), la loi Evin\nimpose de faire appara\u00eetre la mention l\u00e9gale suivante&nbsp;: \u00ab&nbsp;l\u2019abus\nd\u2019alcool est dangereux pour la sant\u00e9, \u00e0 consommer avec mod\u00e9ration&nbsp;\u00bb.<\/p>\n\n\n\n<p>Selon votre secteur d\u2019activit\u00e9,\nil se peut que d\u2019autres mentions l\u00e9gales deviennent obligatoires \u00e9galement.\nPour cela, nous vous invitons \u00e0 regarder attentivement les diff\u00e9rentes lois en\nvigueur relatives \u00e0 votre activit\u00e9 professionnelle.<\/p>\n","protected":false},"excerpt":{"rendered":"<p>Consid\u00e9r\u00e9 comme l\u2019un des supports publicitaires les plus efficaces, le flyer est n\u00e9anmoins contraint \u00e0 un certain nombre d\u2019obligations comme les mentions l\u00e9gales. D\u00e9couvrons ensemble quelles sont ces mentions devant absolument figurer sur le flyer.<\/p>\n","protected":false},"author":2,"featured_media":2949,"comment_status":"open","ping_status":"open","sticky":false,"template":"","format":"standard","meta":{"_monsterinsights_skip_tracking":false,"_monsterinsights_sitenote_active":false,"_monsterinsights_sitenote_note":"","_monsterinsights_sitenote_category":0,"footnotes":""},"categories":[6],"tags":[],"class_list":["post-2948","post","type-post","status-publish","format-standard","has-post-thumbnail","hentry","category-conseils"],"_links":{"self":[{"href":"https:\/\/www.obiprint.com\/blog\/wp-json\/wp\/v2\/posts\/2948","targetHints":{"allow":["GET"]}}],"collection":[{"href":"https:\/\/www.obiprint.com\/blog\/wp-json\/wp\/v2\/posts"}],"about":[{"href":"https:\/\/www.obiprint.com\/blog\/wp-json\/wp\/v2\/types\/post"}],"author":[{"embeddable":true,"href":"https:\/\/www.obiprint.com\/blog\/wp-json\/wp\/v2\/users\/2"}],"replies":[{"embeddable":true,"href":"https:\/\/www.obiprint.com\/blog\/wp-json\/wp\/v2\/comments?post=2948"}],"version-history":[{"count":2,"href":"https:\/\/www.obiprint.com\/blog\/wp-json\/wp\/v2\/posts\/2948\/revisions"}],"predecessor-version":[{"id":2953,"href":"https:\/\/www.obiprint.com\/blog\/wp-json\/wp\/v2\/posts\/2948\/revisions\/2953"}],"wp:featuredmedia":[{"embeddable":true,"href":"https:\/\/www.obiprint.com\/blog\/wp-json\/wp\/v2\/media\/2949"}],"wp:attachment":[{"href":"https:\/\/www.obiprint.com\/blog\/wp-json\/wp\/v2\/media?parent=2948"}],"wp:term":[{"taxonomy":"category","embeddable":true,"href":"https:\/\/www.obiprint.com\/blog\/wp-json\/wp\/v2\/categories?post=2948"},{"taxonomy":"post_tag","embeddable":true,"href":"https:\/\/www.obiprint.com\/blog\/wp-json\/wp\/v2\/tags?post=2948"}],"curies":[{"name":"wp","href":"https:\/\/api.w.org\/{rel}","templated":true}]}}